{"id":30072,"date":"2020-09-12T12:35:08","date_gmt":"2020-09-12T10:35:08","guid":{"rendered":"https:\/\/clinicaciro.es\/blog\/entrevista-al-dr-vicente-jimenez-en-la-revista-del-consejo-de-dentistas\/"},"modified":"2020-12-10T12:44:31","modified_gmt":"2020-12-10T10:44:31","slug":"entrevista-al-dr-vicente-jimenez-en-la-revista-del-consejo-de-dentistas","status":"publish","type":"post","link":"https:\/\/clinicaciro.es\/en\/blog\/entrevista-al-dr-vicente-jimenez-en-la-revista-del-consejo-de-dentistas\/","title":{"rendered":"Entrevista al Dr. Vicente Jim\u00e9nez en la revista del Consejo de Dentistas"},"content":{"rendered":"<p>El Consejo de Dentistas ha entrevistado al Dr. Vicente Jim\u00e9nez,\u00a0fundador de Cl\u00ednica CIRO, a ra\u00edz de recibir el Premio Santa Apolonia 2019 de manos del Consejo General de Dentistas de Espa\u00f1a.<\/p>\n<p><!--more--><\/p>\n<p>En la entrevista, el Dr. Vicente Jim\u00e9nez ahonda en su experiencia profesional a lo largo de todos sus a\u00f1os como odont\u00f3logo, nos habla de su trayectoria como docente y nos da su opini\u00f3n respecto a temas de actualidad como la actual crisis del COVID-19.<\/p>\n<p>Para leer la entrevista completa,<a href=\"https:\/\/clinicaciro.es\/wp-content\/uploads\/2020\/09\/Entrevista-Dr.-Vicente-J.-Lo\u0301pez.pdf\"> haz clic aqu\u00ed<\/a>.<\/p>\n","protected":false},"excerpt":{"rendered":"<p>El Consejo de Dentistas ha entrevistado al Dr. Vicente Jim\u00e9nez,\u00a0fundador de Cl\u00ednica CIRO, a ra\u00edz de recibir el Premio Santa Apolonia 2019 de manos del Consejo General de Dentistas de Espa\u00f1a.<\/p>\n","protected":false},"author":9,"featured_media":29808,"comment_status":"open","ping_status":"closed","sticky":false,"template":"","format":"standard","meta":{"footnotes":""},"categories":[1633],"tags":[],"class_list":["post-30072","post","type-post","status-publish","format-standard","has-post-thumbnail","hentry","category-actualidad-en"],"_links":{"self":[{"href":"https:\/\/clinicaciro.es\/en\/wp-json\/wp\/v2\/posts\/30072","targetHints":{"allow":["GET"]}}],"collection":[{"href":"https:\/\/clinicaciro.es\/en\/wp-json\/wp\/v2\/posts"}],"about":[{"href":"https:\/\/clinicaciro.es\/en\/wp-json\/wp\/v2\/types\/post"}],"author":[{"embeddable":true,"href":"https:\/\/clinicaciro.es\/en\/wp-json\/wp\/v2\/users\/9"}],"replies":[{"embeddable":true,"href":"https:\/\/clinicaciro.es\/en\/wp-json\/wp\/v2\/comments?post=30072"}],"version-history":[{"count":0,"href":"https:\/\/clinicaciro.es\/en\/wp-json\/wp\/v2\/posts\/30072\/revisions"}],"wp:featuredmedia":[{"embeddable":true,"href":"https:\/\/clinicaciro.es\/en\/wp-json\/wp\/v2\/media\/29808"}],"wp:attachment":[{"href":"https:\/\/clinicaciro.es\/en\/wp-json\/wp\/v2\/media?parent=30072"}],"wp:term":[{"taxonomy":"category","embeddable":true,"href":"https:\/\/clinicaciro.es\/en\/wp-json\/wp\/v2\/categories?post=30072"},{"taxonomy":"post_tag","embeddable":true,"href":"https:\/\/clinicaciro.es\/en\/wp-json\/wp\/v2\/tags?post=30072"}],"curies":[{"name":"wp","href":"https:\/\/api.w.org\/{rel}","templated":true}]}}