{"id":30069,"date":"2019-02-14T10:53:35","date_gmt":"2019-02-14T08:53:35","guid":{"rendered":"https:\/\/clinicaciro.es\/blog\/entrevista-a-la-dra-giraldez-en-la-revista-maxillaris\/"},"modified":"2020-12-10T12:21:29","modified_gmt":"2020-12-10T10:21:29","slug":"entrevista-a-la-dra-giraldez-en-la-revista-maxillaris","status":"publish","type":"post","link":"https:\/\/clinicaciro.es\/en\/blog\/entrevista-a-la-dra-giraldez-en-la-revista-maxillaris\/","title":{"rendered":"Entrevista a la Dra. Gir\u00e1ldez en la Revista Maxillaris"},"content":{"rendered":"<p>La <strong>Dra. Isabel Gir\u00e1ldez<\/strong>, experta en Blanqueamiento Dental y, desde el pasado mes de noviembre <strong>presidenta de la Sociedad Espa\u00f1ola de Odontolog\u00eda Conservadora y Est\u00e9tica (SEOC)<\/strong>, ha sido entrevistada en la Revista Maxillaris.<\/p>\n<p><!--more--><\/p>\n<p>Respecto a su nuevo cargo, afirma que sus proyectos son continuistas con respecto a los mandatos anteriores. Se seguir\u00e1 <strong>apostando por la investigaci\u00f3n y la formaci\u00f3n<\/strong> y se realizar\u00e1 una intensa labor para atraer a los j\u00f3venes.<\/p>\n<p>Asimismo, tambi\u00e9n apuesta por <strong>intensificar la vertiente de encuentros presenciales<\/strong>. Este a\u00f1o se celebrar\u00e1n tres: el D\u00eda SEOC, el Congreso Bienal y Conseuro, la cita europea.<\/p>\n<p>Por otra parte, en esta entrevista tambi\u00e9n habla de la <strong>relaci\u00f3n entra la Odontolog\u00eda conservadora y la Est\u00e9tica<\/strong>, que van muy de la mano, y de las novedades que surgen en Est\u00e9tica Dental.<\/p>\n<p>Aqu\u00ed puedes leer la <a href=\"https:\/\/www.maxillaris.com\/entrevista-20190131-.aspx?fbclid=IwAR1JlTCYC3y8zZRP8quMDCTFl-yQZkMipkU3ik-6mSB4B5MNQmQZ8w7i24w\" target=\"_blank\" rel=\"noopener\">entrevista completa<\/a>.<\/p>\n","protected":false},"excerpt":{"rendered":"<p>La Dra. Isabel Gir\u00e1ldez, experta en Blanqueamiento Dental y, desde el pasado mes de noviembre presidenta de la Sociedad Espa\u00f1ola de Odontolog\u00eda Conservadora y Est\u00e9tica (SEOC), ha sido entrevistada en la Revista Maxillaris.<\/p>\n","protected":false},"author":9,"featured_media":29178,"comment_status":"open","ping_status":"closed","sticky":false,"template":"","format":"standard","meta":{"footnotes":""},"categories":[1634],"tags":[],"class_list":["post-30069","post","type-post","status-publish","format-standard","has-post-thumbnail","hentry","category-medios-en"],"_links":{"self":[{"href":"https:\/\/clinicaciro.es\/en\/wp-json\/wp\/v2\/posts\/30069","targetHints":{"allow":["GET"]}}],"collection":[{"href":"https:\/\/clinicaciro.es\/en\/wp-json\/wp\/v2\/posts"}],"about":[{"href":"https:\/\/clinicaciro.es\/en\/wp-json\/wp\/v2\/types\/post"}],"author":[{"embeddable":true,"href":"https:\/\/clinicaciro.es\/en\/wp-json\/wp\/v2\/users\/9"}],"replies":[{"embeddable":true,"href":"https:\/\/clinicaciro.es\/en\/wp-json\/wp\/v2\/comments?post=30069"}],"version-history":[{"count":0,"href":"https:\/\/clinicaciro.es\/en\/wp-json\/wp\/v2\/posts\/30069\/revisions"}],"wp:featuredmedia":[{"embeddable":true,"href":"https:\/\/clinicaciro.es\/en\/wp-json\/wp\/v2\/media\/29178"}],"wp:attachment":[{"href":"https:\/\/clinicaciro.es\/en\/wp-json\/wp\/v2\/media?parent=30069"}],"wp:term":[{"taxonomy":"category","embeddable":true,"href":"https:\/\/clinicaciro.es\/en\/wp-json\/wp\/v2\/categories?post=30069"},{"taxonomy":"post_tag","embeddable":true,"href":"https:\/\/clinicaciro.es\/en\/wp-json\/wp\/v2\/tags?post=30069"}],"curies":[{"name":"wp","href":"https:\/\/api.w.org\/{rel}","templated":true}]}}