{"id":30068,"date":"2019-02-25T14:58:37","date_gmt":"2019-02-25T12:58:37","guid":{"rendered":"https:\/\/clinicaciro.es\/blog\/la-dra-isabel-giraldez-coautora-del-libro-blanco-del-blanqueamiento-dental\/"},"modified":"2020-12-10T12:20:17","modified_gmt":"2020-12-10T10:20:17","slug":"la-dra-isabel-giraldez-coautora-del-libro-blanco-del-blanqueamiento-dental","status":"publish","type":"post","link":"https:\/\/clinicaciro.es\/en\/blog\/la-dra-isabel-giraldez-coautora-del-libro-blanco-del-blanqueamiento-dental\/","title":{"rendered":"La Dra. Isabel Gir\u00e1ldez, coautora del Libro Blanco del Blanqueamiento Dental"},"content":{"rendered":"<p>La <strong>Dra. Isabel Gir\u00e1ldez<\/strong>, experta en blanqueamiento dental en nuestra cl\u00ednica, ha participado en la <strong>publicaci\u00f3n del Libro Blanco de Blanqueamiento Dental<\/strong>, un libro en el que colabora Philips y en la que han participado diversos autores.<\/p>\n<p>En esta publicaci\u00f3n se explica todo aquello que se necesita para hacer blanqueamiento con <strong>seguridad, con predictibilidad, con confianza y con \u00e9xito<\/strong> en las cl\u00ednicas dentales.<\/p>\n<p><!--more--><\/p>\n<p>La Dra. Isabel Gir\u00e1ldez ha sido es la autora del cap\u00edtulo 5, <strong>Manejo de situaciones comprometidas<\/strong>, en la que hace referencia especialmente a las manchas por tetraciclinas y las manchas por hipocalcificaci\u00f3n del esmalte.<\/p>\n<p>Asimismo, tambi\u00e9n hace referencia a la <strong>hipersensibilidad<\/strong>, que es el efecto adverso que aparece con mayor frecuencia. Sin embargo, en Cl\u00ednica CIRO realizamos un\u00a0estudio de sensibilidad dental\u00a0a cada paciente para que el blanqueamiento sea indoloro y seguro.<\/p>\n<p><img fetchpriority=\"high\" decoding=\"async\" class=\"aligncenter wp-image-29195 size-full\" src=\"https:\/\/clinicaciro.es\/wp-content\/uploads\/2019\/02\/giraldez-blanqueamiento.jpg\" alt=\"giraldez-blanqueamiento\" width=\"750\" height=\"1000\" srcset=\"https:\/\/clinicaciro.es\/wp-content\/uploads\/2019\/02\/giraldez-blanqueamiento.jpg 750w, https:\/\/clinicaciro.es\/wp-content\/uploads\/2019\/02\/giraldez-blanqueamiento-225x300.jpg 225w\" sizes=\"(max-width: 750px) 100vw, 750px\" \/><\/p>\n<p>La <strong>Dra. Isabel Gir\u00e1ldez dirige el equipo de Blanqueamiento Dental de Cl\u00ednica CIRO<\/strong>. Si quieres mejorar tu sonrisa, no dudes en pedir cita con nuestro equipo de profesionales. Ll\u00e1manos al tel\u00e9fono 91 577 39 44 o al 91 577 39 55. Nos encontramos en la Calle Pr\u00edncipe de Vergara 44, 1\u00ba A, en el barrio Salamanca de Madrid.<\/p>\n","protected":false},"excerpt":{"rendered":"<p>La Dra. Isabel Gir\u00e1ldez, experta en blanqueamiento dental en nuestra cl\u00ednica, ha participado en la publicaci\u00f3n del Libro Blanco de Blanqueamiento Dental, un libro en el que colabora Philips y en la que han participado diversos autores. En esta publicaci\u00f3n se explica todo aquello que se necesita para hacer blanqueamiento con seguridad, con predictibilidad, con [&hellip;]<\/p>\n","protected":false},"author":9,"featured_media":29194,"comment_status":"open","ping_status":"closed","sticky":false,"template":"","format":"standard","meta":{"footnotes":""},"categories":[1633],"tags":[],"class_list":["post-30068","post","type-post","status-publish","format-standard","has-post-thumbnail","hentry","category-actualidad-en"],"_links":{"self":[{"href":"https:\/\/clinicaciro.es\/en\/wp-json\/wp\/v2\/posts\/30068","targetHints":{"allow":["GET"]}}],"collection":[{"href":"https:\/\/clinicaciro.es\/en\/wp-json\/wp\/v2\/posts"}],"about":[{"href":"https:\/\/clinicaciro.es\/en\/wp-json\/wp\/v2\/types\/post"}],"author":[{"embeddable":true,"href":"https:\/\/clinicaciro.es\/en\/wp-json\/wp\/v2\/users\/9"}],"replies":[{"embeddable":true,"href":"https:\/\/clinicaciro.es\/en\/wp-json\/wp\/v2\/comments?post=30068"}],"version-history":[{"count":0,"href":"https:\/\/clinicaciro.es\/en\/wp-json\/wp\/v2\/posts\/30068\/revisions"}],"wp:featuredmedia":[{"embeddable":true,"href":"https:\/\/clinicaciro.es\/en\/wp-json\/wp\/v2\/media\/29194"}],"wp:attachment":[{"href":"https:\/\/clinicaciro.es\/en\/wp-json\/wp\/v2\/media?parent=30068"}],"wp:term":[{"taxonomy":"category","embeddable":true,"href":"https:\/\/clinicaciro.es\/en\/wp-json\/wp\/v2\/categories?post=30068"},{"taxonomy":"post_tag","embeddable":true,"href":"https:\/\/clinicaciro.es\/en\/wp-json\/wp\/v2\/tags?post=30068"}],"curies":[{"name":"wp","href":"https:\/\/api.w.org\/{rel}","templated":true}]}}