{"id":30067,"date":"2019-03-05T16:38:45","date_gmt":"2019-03-05T14:38:45","guid":{"rendered":"https:\/\/clinicaciro.es\/blog\/retraccion-de-encias-causas-efectos-y-tratamiento\/"},"modified":"2020-12-10T12:19:05","modified_gmt":"2020-12-10T10:19:05","slug":"retraccion-de-encias-causas-efectos-y-tratamiento","status":"publish","type":"post","link":"https:\/\/clinicaciro.es\/en\/blog\/retraccion-de-encias-causas-efectos-y-tratamiento\/","title":{"rendered":"Retracci\u00f3n de enc\u00edas: causas, efectos y tratamiento"},"content":{"rendered":"<p class=\"p1\"><span class=\"s1\"><strong>La <a href=\"https:\/\/clinicaciro.es\/tratamientos\/periodoncia\/sonrisa-gingival-recesion-encia\/\">p\u00e9rdida de las enc\u00edas o retracci\u00f3n gingival<\/a> es una patolog\u00eda muy com\u00fan<\/strong>, que puede llegar a provocar una alteraci\u00f3n est\u00e9tica importante. Esta patolog\u00eda consiste en una p\u00e9rdida de enc\u00eda o hueso, dejando al descubierto parte de la ra\u00edz de los dientes, y no s\u00f3lo tiene consecuencias est\u00e9ticas sino tambi\u00e9n funcionales.<\/span><\/p>\n<p class=\"p1\"><span class=\"s1\">Muchos consideran que es simplemente una se\u00f1al de envejecimiento, pero no es as\u00ed. Se trata de un proceso gradual que podemos sufrir a cualquier edad.\u00a0<\/span><span class=\"s2\">Es muy importante que seamos conscientes de que\u00a0<\/span><strong><span class=\"s1\">una vez que se pierde la enc\u00eda ya nunca se recupera de forma natural<\/span><\/strong><span class=\"s2\">.<\/span><\/p>\n<p class=\"p1\"><!--more--><\/p>\n<h4 class=\"p4\"><span class=\"s1\">Causas de la retracci\u00f3n gingival<\/span><\/h4>\n<p class=\"p1\"><strong><span class=\"s3\">Cepillado agresivo<\/span><\/strong><span class=\"s1\">: el uso prolongado de cepillos de dientes muy duros o en mal estado puede provocar una disminuci\u00f3n de las enc\u00edas.\u00a0<\/span><span class=\"s3\">No se recomienda el\u00a0cepillado circular<\/span><span class=\"s1\">. Al cepillarnos los dientes es mejor\u00a0hacerlo siempre de enc\u00eda a diente y no al rev\u00e9s.<\/span><\/p>\n<p class=\"p1\"><span class=\"s3\"><strong>Inflamaci\u00f3n y\/o sangrado de enc\u00edas<\/strong><\/span><span class=\"s1\">: la inflamaci\u00f3n de las enc\u00edas\u00a0como resultado de la acumulaci\u00f3n de placa bacteriana puede dar como resultado una retracci\u00f3n de la enc\u00eda.<\/span><\/p>\n<p class=\"p1\"><strong><span class=\"s3\">Malposici\u00f3n dentaria<\/span><\/strong><span class=\"s1\">: una mala alineaci\u00f3n de las piezas dentales es otro posible causante de que las enc\u00edas se replieguen, en parte por el contacto incorrecto de las arcadas superior e inferior al morder.<\/span><\/p>\n<p class=\"p1\"><strong><span class=\"s3\">Ortodoncia convencional<\/span><\/strong><span class=\"s1\">: como consecuencia de los brackets convencionales, muchos pacientes tienden a cepillarse en exceso las enc\u00edas provocando su recesi\u00f3n. Este es otro motivo por el que recomendamos la\u00a0<a href=\"\/tratamientos\/ortodoncia\/\"><span class=\"s4\">ortodoncia invisible<\/span><\/a>\u00a0en este tipo de pacientes.<\/span><\/p>\n<p class=\"p1\"><strong><span class=\"s3\">Otros menos frecuentes<\/span><\/strong><span class=\"s1\">: tambi\u00e9n el\u00a0<\/span><span class=\"s5\">bruxismo<\/span><span class=\"s1\">\u00a0(apretamiento involuntario de los dientes) es un causante indirecto, y varios estudios aseguran que la presencia de\u00a0<\/span><span class=\"s5\">piercings<\/span><span class=\"s1\">\u00a0influye en esta retracci\u00f3n.<\/span><\/p>\n<h3 class=\"p4\"><span class=\"s1\">Efectos de la retracci\u00f3n gingival<\/span><\/h3>\n<p class=\"p1\"><strong><span class=\"s3\">Sensibilidad dental<\/span><\/strong><span class=\"s1\">: la\u00a0ra\u00edz del diente es muy sensible a los cambios de temperatura, por lo\u00a0que al dejar esta zona m\u00e1s expuesta aumentan las molestias por sensibilidad dental.<\/span><\/p>\n<p class=\"p1\"><strong><span class=\"s3\">Mayor riesgo de caries dentales<\/span><\/strong><span class=\"s1\">: el cemento de la ra\u00edz es muy susceptible (y su restauraci\u00f3n muy compleja), por lo que la probabilidad de que aparezcan caries es mayor.<\/span><\/p>\n<h3 class=\"p4\"><span class=\"s1\">C\u00f3mo corregir la retracci\u00f3n gingival<\/span><\/h3>\n<p class=\"p1\"><span class=\"s1\">Como decimos al inicio, lamentablemente la enc\u00eda no vuelve a crecer una vez se ha perdido. Para tratar la retracci\u00f3n de las enc\u00edas primero se debe eliminar el causante y posteriormente podemos mejorarla con t\u00e9cnicas de reposici\u00f3n de tejido gingival. Cuanto antes detectemos recesi\u00f3n, mejor pron\u00f3stico obtendremos.\u00a0A la hora de tratar la recesi\u00f3n gingival, uno de los procedimientos m\u00e1s novedosos y revolucionarios es la\u00a0<strong><a href=\"https:\/\/clinicaciro.es\/en\/blog\/tecnica-pinhole-retraccion-encias\/\">t\u00e9cnica Pinhole<\/a>, que realizamos en CIRO de manera exclusiva. <\/strong>Sin incisiones, ni injertos ni suturas y mucho m\u00e1s c\u00f3mo para el paciente. La Dra. Mar\u00eda Jos\u00e9 Jimenez es de las pocas doctora en Espa\u00f1a que cuenta con la certificaci\u00f3n necesaria para realizar esta t\u00e9cnica.\u00a0<\/span><\/p>\n<p class=\"p1\"><span class=\"s1\">En la\u00a0<\/span><strong><span class=\"s3\">Cl\u00ednica CIRO de los Dres. Jim\u00e9nez<\/span><\/strong><span class=\"s1\">\u00a0nuestros\u00a0<\/span><strong><span class=\"s3\">profesionales en periodoncia<\/span><\/strong><span class=\"s1\">, liderados por la Dra. Maria Jos\u00e9 Jim\u00e9nez, le dar\u00e1n un correcto diagn\u00f3stico sobre el estado de sus enc\u00edas y le ofrecer\u00e1n\u00a0el mejor tratamiento. Puede concertar una cita con nosotros llamando al tel\u00e9fono\u00a0<a href=\"tel:915773944\"><span class=\"s6\">91 577 39 44<\/span><\/a>. Estamos\u00a0en la\u00a0<span class=\"s4\">Calle Pr\u00edncipe de Vergara 44, 1\u00ba A<\/span>, en el\u00a0barrio Salamanca de Madrid.<\/span><\/p>\n","protected":false},"excerpt":{"rendered":"<p>La p\u00e9rdida de las enc\u00edas o retracci\u00f3n gingival es una patolog\u00eda muy com\u00fan, que puede llegar a provocar una alteraci\u00f3n est\u00e9tica importante. Esta patolog\u00eda consiste en una p\u00e9rdida de enc\u00eda o hueso, dejando al descubierto parte de la ra\u00edz de los dientes, y no s\u00f3lo tiene consecuencias est\u00e9ticas sino tambi\u00e9n funcionales. Muchos consideran que es [&hellip;]<\/p>\n","protected":false},"author":7,"featured_media":28643,"comment_status":"open","ping_status":"closed","sticky":false,"template":"","format":"standard","meta":{"footnotes":""},"categories":[1638],"tags":[1639,1640,1641,1642,1643,1644,1645,1646,1647],"class_list":["post-30067","post","type-post","status-publish","format-standard","has-post-thumbnail","hentry","category-consejos-salud-dental-en","tag-barrio-salamanca-en","tag-cepillado-en","tag-doctores-jimenez-en","tag-encias-en","tag-injerto-en","tag-madrid-clinica-ciro-en","tag-periodoncia-en","tag-recesion-gingival-en","tag-retraccion-en"],"_links":{"self":[{"href":"https:\/\/clinicaciro.es\/en\/wp-json\/wp\/v2\/posts\/30067","targetHints":{"allow":["GET"]}}],"collection":[{"href":"https:\/\/clinicaciro.es\/en\/wp-json\/wp\/v2\/posts"}],"about":[{"href":"https:\/\/clinicaciro.es\/en\/wp-json\/wp\/v2\/types\/post"}],"author":[{"embeddable":true,"href":"https:\/\/clinicaciro.es\/en\/wp-json\/wp\/v2\/users\/7"}],"replies":[{"embeddable":true,"href":"https:\/\/clinicaciro.es\/en\/wp-json\/wp\/v2\/comments?post=30067"}],"version-history":[{"count":0,"href":"https:\/\/clinicaciro.es\/en\/wp-json\/wp\/v2\/posts\/30067\/revisions"}],"wp:featuredmedia":[{"embeddable":true,"href":"https:\/\/clinicaciro.es\/en\/wp-json\/wp\/v2\/media\/28643"}],"wp:attachment":[{"href":"https:\/\/clinicaciro.es\/en\/wp-json\/wp\/v2\/media?parent=30067"}],"wp:term":[{"taxonomy":"category","embeddable":true,"href":"https:\/\/clinicaciro.es\/en\/wp-json\/wp\/v2\/categories?post=30067"},{"taxonomy":"post_tag","embeddable":true,"href":"https:\/\/clinicaciro.es\/en\/wp-json\/wp\/v2\/tags?post=30067"}],"curies":[{"name":"wp","href":"https:\/\/api.w.org\/{rel}","templated":true}]}}