{"id":30059,"date":"2019-06-06T11:08:30","date_gmt":"2019-06-06T09:08:30","guid":{"rendered":"https:\/\/clinicaciro.es\/blog\/la-dra-silvia-jimenez-asiste-al-exclusivo-congreso-de-align-en-londres\/"},"modified":"2020-12-10T12:00:09","modified_gmt":"2020-12-10T10:00:09","slug":"la-dra-silvia-jimenez-asiste-al-exclusivo-congreso-de-align-en-londres","status":"publish","type":"post","link":"https:\/\/clinicaciro.es\/en\/blog\/la-dra-silvia-jimenez-asiste-al-exclusivo-congreso-de-align-en-londres\/","title":{"rendered":"La Dra. Silvia Jim\u00e9nez asiste al exclusivo Congreso de Align en Londres"},"content":{"rendered":"<div id=\"js_37h\" class=\"_5pbx userContent _3576\" data-testid=\"post_message\" data-ft=\"{&quot;tn&quot;:&quot;K&quot;}\">\n<p>La Dra. Silvia Jim\u00e9nez Garc\u00eda asisti\u00f3 el el pasado fin de semana al e<strong>xclusivo congreso en Londres sobre las \u00faltimas novedades que la compa\u00f1\u00eda Align Technology<\/strong> ense\u00f1a a nivel mundial para poder seguir ofreciendo a nuestros pacientes los mejores avances y resultados odontol\u00f3gicos.<\/p>\n<p>La Dra. Jim\u00e9nez es especialista en Ortodoncia\u00a0y posee el certificado<strong> Invisalign Platinum Elite,<\/strong> que tiene muy pocos doctores en Espa\u00f1a.<\/p>\n<\/div>\n<div class=\"_3x-2\" data-ft=\"{&quot;tn&quot;:&quot;H&quot;}\"><\/div>\n","protected":false},"excerpt":{"rendered":"<p>La Dra. Silvia Jim\u00e9nez Garc\u00eda asisti\u00f3 el el pasado fin de semana al exclusivo congreso en Londres sobre las \u00faltimas novedades que la compa\u00f1\u00eda Align Technology ense\u00f1a a nivel mundial para poder seguir ofreciendo a nuestros pacientes los mejores avances y resultados odontol\u00f3gicos. La Dra. Jim\u00e9nez es especialista en Ortodoncia\u00a0y posee el certificado Invisalign Platinum [&hellip;]<\/p>\n","protected":false},"author":9,"featured_media":29325,"comment_status":"open","ping_status":"closed","sticky":false,"template":"","format":"standard","meta":{"footnotes":""},"categories":[1637],"tags":[],"class_list":["post-30059","post","type-post","status-publish","format-standard","has-post-thumbnail","hentry","category-doctores-jimenez-en"],"_links":{"self":[{"href":"https:\/\/clinicaciro.es\/en\/wp-json\/wp\/v2\/posts\/30059","targetHints":{"allow":["GET"]}}],"collection":[{"href":"https:\/\/clinicaciro.es\/en\/wp-json\/wp\/v2\/posts"}],"about":[{"href":"https:\/\/clinicaciro.es\/en\/wp-json\/wp\/v2\/types\/post"}],"author":[{"embeddable":true,"href":"https:\/\/clinicaciro.es\/en\/wp-json\/wp\/v2\/users\/9"}],"replies":[{"embeddable":true,"href":"https:\/\/clinicaciro.es\/en\/wp-json\/wp\/v2\/comments?post=30059"}],"version-history":[{"count":0,"href":"https:\/\/clinicaciro.es\/en\/wp-json\/wp\/v2\/posts\/30059\/revisions"}],"wp:featuredmedia":[{"embeddable":true,"href":"https:\/\/clinicaciro.es\/en\/wp-json\/wp\/v2\/media\/29325"}],"wp:attachment":[{"href":"https:\/\/clinicaciro.es\/en\/wp-json\/wp\/v2\/media?parent=30059"}],"wp:term":[{"taxonomy":"category","embeddable":true,"href":"https:\/\/clinicaciro.es\/en\/wp-json\/wp\/v2\/categories?post=30059"},{"taxonomy":"post_tag","embeddable":true,"href":"https:\/\/clinicaciro.es\/en\/wp-json\/wp\/v2\/tags?post=30059"}],"curies":[{"name":"wp","href":"https:\/\/api.w.org\/{rel}","templated":true}]}}