{"id":30058,"date":"2019-06-12T09:50:30","date_gmt":"2019-06-12T07:50:30","guid":{"rendered":"https:\/\/clinicaciro.es\/blog\/ponencia-de-la-dra-maria-jose-en-la-reunion-de-socios-de-bqdc\/"},"modified":"2020-12-10T11:58:58","modified_gmt":"2020-12-10T09:58:58","slug":"ponencia-de-la-dra-maria-jose-en-la-reunion-de-socios-de-bqdc","status":"publish","type":"post","link":"https:\/\/clinicaciro.es\/en\/blog\/ponencia-de-la-dra-maria-jose-en-la-reunion-de-socios-de-bqdc\/","title":{"rendered":"Ponencia de la Dra. Mar\u00eda Jos\u00e9 en la reuni\u00f3n de socios de BQDC"},"content":{"rendered":"<p>Este fin de semana hemos asistido a la <strong>reuni\u00f3n de socios de la asociaci\u00f3n Best Quality Dental Centers<\/strong> celebrada en Madrid, donde la <strong>Dra. Mar\u00eda Jos\u00e9 Jim\u00e9nez ha dado una conferencia para explicar su nueva t\u00e9cnica RAT<\/strong>.<\/p>\n<p><!--more--><\/p>\n<p>Esta t\u00e9cnica que se basa en los principios sin incisiones, sin injertos y sin puntos para solucionar problemas de recesi\u00f3n de enc\u00edas. <strong>Todo un avance en la Periodoncia<\/strong> y en el tratamiento de las recesiones tanto en dientes como en implantes.<\/p>\n<p>Esta t\u00e9cnica se realiza de forma exclusiva en Cl\u00ednica CIRO ya que\u00a0la\u00a0Dra.\u00a0M\u00aa Jos\u00e9 Jim\u00e9nez\u00a0es\u00a0la <strong>\u00fanica doctora espa\u00f1ola que se ha formado en esta t\u00e9cnica<\/strong>.<\/p>\n<p><img fetchpriority=\"high\" decoding=\"async\" class=\"aligncenter size-full wp-image-29345\" src=\"https:\/\/clinicaciro.es\/wp-content\/uploads\/2019\/07\/reunion-bqdc-19.jpg\" alt=\"reunion-bqdc-19\" width=\"1200\" height=\"729\" srcset=\"https:\/\/clinicaciro.es\/wp-content\/uploads\/2019\/07\/reunion-bqdc-19.jpg 1200w, https:\/\/clinicaciro.es\/wp-content\/uploads\/2019\/07\/reunion-bqdc-19-300x182.jpg 300w, https:\/\/clinicaciro.es\/wp-content\/uploads\/2019\/07\/reunion-bqdc-19-768x467.jpg 768w, https:\/\/clinicaciro.es\/wp-content\/uploads\/2019\/07\/reunion-bqdc-19-1024x622.jpg 1024w, https:\/\/clinicaciro.es\/wp-content\/uploads\/2019\/07\/reunion-bqdc-19-1080x656.jpg 1080w\" sizes=\"(max-width: 1200px) 100vw, 1200px\" \/><\/p>\n<p>En esta reuni\u00f3n, a la que acudi\u00f3 gran parte del equipo de nuestra cl\u00ednica, sirvi\u00f3 para poner en com\u00fan novedades del sector y avances en las campa\u00f1as que lleva a cabo la asociaci\u00f3n para ofrecer el mejor servicio a nuestros pacientes.<\/p>\n<p>&nbsp;<\/p>\n","protected":false},"excerpt":{"rendered":"<p>Este fin de semana hemos asistido a la reuni\u00f3n de socios de la asociaci\u00f3n Best Quality Dental Centers celebrada en Madrid, donde la Dra. Mar\u00eda Jos\u00e9 Jim\u00e9nez ha dado una conferencia para explicar su nueva t\u00e9cnica RAT.<\/p>\n","protected":false},"author":9,"featured_media":29346,"comment_status":"open","ping_status":"closed","sticky":false,"template":"","format":"standard","meta":{"footnotes":""},"categories":[1637],"tags":[],"class_list":["post-30058","post","type-post","status-publish","format-standard","has-post-thumbnail","hentry","category-doctores-jimenez-en"],"_links":{"self":[{"href":"https:\/\/clinicaciro.es\/en\/wp-json\/wp\/v2\/posts\/30058","targetHints":{"allow":["GET"]}}],"collection":[{"href":"https:\/\/clinicaciro.es\/en\/wp-json\/wp\/v2\/posts"}],"about":[{"href":"https:\/\/clinicaciro.es\/en\/wp-json\/wp\/v2\/types\/post"}],"author":[{"embeddable":true,"href":"https:\/\/clinicaciro.es\/en\/wp-json\/wp\/v2\/users\/9"}],"replies":[{"embeddable":true,"href":"https:\/\/clinicaciro.es\/en\/wp-json\/wp\/v2\/comments?post=30058"}],"version-history":[{"count":0,"href":"https:\/\/clinicaciro.es\/en\/wp-json\/wp\/v2\/posts\/30058\/revisions"}],"wp:featuredmedia":[{"embeddable":true,"href":"https:\/\/clinicaciro.es\/en\/wp-json\/wp\/v2\/media\/29346"}],"wp:attachment":[{"href":"https:\/\/clinicaciro.es\/en\/wp-json\/wp\/v2\/media?parent=30058"}],"wp:term":[{"taxonomy":"category","embeddable":true,"href":"https:\/\/clinicaciro.es\/en\/wp-json\/wp\/v2\/categories?post=30058"},{"taxonomy":"post_tag","embeddable":true,"href":"https:\/\/clinicaciro.es\/en\/wp-json\/wp\/v2\/tags?post=30058"}],"curies":[{"name":"wp","href":"https:\/\/api.w.org\/{rel}","templated":true}]}}